[{"@context":"https:\/\/schema.org\/","@type":"Article","@id":"https:\/\/www.spssk.cz\/svezi-vzduch-ktery-v-meste-nenajdete\/#Article","mainEntityOfPage":"https:\/\/www.spssk.cz\/svezi-vzduch-ktery-v-meste-nenajdete\/","headline":"Sv\u011b\u017e\u00ed vzduch, kter\u00fd v\u00a0m\u011bst\u011b nenajdete","name":"Sv\u011b\u017e\u00ed vzduch, kter\u00fd v\u00a0m\u011bst\u011b nenajdete","description":"Str\u00e1v\u00edte leto\u0161n\u00ed dovolenou v \u010cesk\u00e9 republice? To je dob\u0159e. Nab\u00edz\u00edme v\u00e1m pobyt v na\u0161em Sporthotelu Kurzovn\u00ed. Nebudete litovat. Kr\u00e1sn\u00e1 p\u0159\u00edroda a v\u00fdborn\u00e9 slu\u017eby v hotelu v\u00e1m zp\u0159\u00edjemn\u00ed v\u00e1\u0161 pobyt. Odsud odjedete s kr\u00e1sn\u00fdmi vzpom\u00ednkami. Tak nev\u00e1hejte a kontaktujte n\u00e1s. Jsme p\u0159ipraveni na va\u0161i n\u00e1v\u0161t\u011bvu. Ubytov\u00e1n\u00ed Prad\u011bd &#8211; v\u00e1s pot\u011b\u0161\u00ed. D\u00e1v\u00e1te p\u0159ednost tuzemsk\u00e9 dovolen\u00e9 v hor\u00e1ch? [&hellip;]","datePublished":"2025-04-11","dateModified":"2025-04-11","author":{"@type":"Person","@id":"https:\/\/www.spssk.cz\/author\/#Person","name":"","url":"https:\/\/www.spssk.cz\/author\/","identifier":1,"image":{"@type":"ImageObject","@id":"https:\/\/secure.gravatar.com\/avatar\/2d2764a424a89ac38785df784051989f5c5cb264a2405c7e5d24c1907a83f0fb?s=96&d=mm&r=g","url":"https:\/\/secure.gravatar.com\/avatar\/2d2764a424a89ac38785df784051989f5c5cb264a2405c7e5d24c1907a83f0fb?s=96&d=mm&r=g","height":96,"width":96}},"publisher":{"@type":"Organization","name":"spssk.cz","logo":{"@type":"ImageObject","@id":"\/logo.png","url":"\/logo.png","width":600,"height":60}},"url":"https:\/\/www.spssk.cz\/svezi-vzduch-ktery-v-meste-nenajdete\/","wordCount":181,"articleBody":"Str\u00e1v\u00edte leto\u0161n\u00ed dovolenou v \u010cesk\u00e9 republice? To je dob\u0159e. Nab\u00edz\u00edme v\u00e1m pobyt v na\u0161em Sporthotelu Kurzovn\u00ed. Nebudete litovat. Kr\u00e1sn\u00e1 p\u0159\u00edroda a v\u00fdborn\u00e9 slu\u017eby v hotelu v\u00e1m zp\u0159\u00edjemn\u00ed v\u00e1\u0161 pobyt. Odsud odjedete s kr\u00e1sn\u00fdmi vzpom\u00ednkami. Tak nev\u00e1hejte a kontaktujte n\u00e1s. Jsme p\u0159ipraveni na va\u0161i n\u00e1v\u0161t\u011bvu. Ubytov\u00e1n\u00ed Prad\u011bd &#8211; v\u00e1s pot\u011b\u0161\u00ed. D\u00e1v\u00e1te p\u0159ednost tuzemsk\u00e9 dovolen\u00e9 v hor\u00e1ch? Pak pobyt u n\u00e1s je pro v\u00e1s ide\u00e1ln\u00edm \u0159e\u0161en\u00edm. V\u00edtejte v Jesen\u00edk\u00e1ch, kraji, kter\u00fd je\u0161t\u011b nebyl \u010dlov\u011bkem tolik ovlivn\u011bn. Mo\u017en\u00e1 budete p\u0159ekvapeni, \u017ee i na severn\u00ed Morav\u011b jsou takov\u00e1to m\u00edsta. N\u00e1\u0161 Sporthotel Kurzovn\u00ed v\u00e1m nab\u00edz\u00ed vysoce kvalitn\u00ed slu\u017eby. M\u00e1me profesion\u00e1ln\u00ed, mil\u00fd a vst\u0159\u00edcn\u00fd person\u00e1l. Ubytov\u00e1n\u00ed Prad\u011bd v\u00e1s nezklame. Prad\u011bd Je nejvy\u0161\u0161\u00ed horou Jesen\u00edk\u016f a nejvy\u0161\u0161\u00ed horou na Morav\u011b v\u016fbec. Ubytov\u00e1n\u00ed Prad\u011bd si nenechte uj\u00edt.                                                                                                                                                                                                                                                                                                                                                                                                "},{"@context":"https:\/\/schema.org\/","@type":"BreadcrumbList","itemListElement":[{"@type":"ListItem","position":1,"name":"Sv\u011b\u017e\u00ed vzduch, kter\u00fd v\u00a0m\u011bst\u011b nenajdete","item":"https:\/\/www.spssk.cz\/svezi-vzduch-ktery-v-meste-nenajdete\/#breadcrumbitem"}]}]